{"id":215,"date":"2019-04-29T21:47:41","date_gmt":"2019-04-29T19:47:41","guid":{"rendered":"http:\/\/stomiazwesola.pl\/?p=215"},"modified":"2019-04-29T21:47:41","modified_gmt":"2019-04-29T19:47:41","slug":"pierwsze-pytanie-o-moja-torebke","status":"publish","type":"post","link":"https:\/\/stomia.wesolek.care\/index.php\/2019\/04\/29\/pierwsze-pytanie-o-moja-torebke\/","title":{"rendered":"Pierwsze pytanie o moj\u0105 torebk\u0119"},"content":{"rendered":"\n<p>Kiedy wr\u00f3ci\u0142am do domu po zabiegu w domu by\u0142y dzieciaki &#8211;\u00a0 nie moje oczywi\u015bcie. Trzeba by\u0142o je uprzedzi\u0107, \u017ce nie powinny si\u0119 na mnie rzuca\u0107 ani we mnie rzuca\u0107 \u017cadnymi przedmiotami. Dla nich to te\u017c trudna sytuacja do przetrawienia. Siostrzenica dopytywa\u0142a dlaczego nie puszczam ju\u017c b\u0105k\u00f3w i nie robi\u0119 normalnie dw\u00f3jeczki \u2013 nie to \u017cebym robi\u0142a to non stop i by\u0142o to moim nieod\u0142\u0105cznym elementem. Ba\u0142a si\u0119, \u017ce b\u0119dzie musia\u0142a m\u00f3wi\u0107 o tym w szkole. <strong>Wstydzi\u0142a si\u0119<\/strong>. U\u015bwiadomili\u015bmy j\u0105, \u017ce nie musi nic nikomu opowiada\u0107, ale nie jest to tajemnic\u0105 i mo\u017ce swobodnie o tym m\u00f3wi\u0107. <\/p>\n\n\n\n<p>Chrze\u015bniak\ndo dzi\u015b nie mo\u017ce tego zrozumie\u0107. \u015arednio co kilka tygodni dopytuje mnie czy\nswoj\u0105 mam\u0119 jak d\u0142ugo b\u0119d\u0119 mia\u0142a plasterek. Sukcesywnie t\u0142umaczymy mu, \u017ce\nzostanie ju\u017c tak na zawsze. Czy wreszcie odpu\u015bci? Nie wiem.<\/p>\n\n\n\n<p>Od pierwszego dnia po operacji niezmiennie <strong>nie chc\u0119 zespolenia<\/strong>. Odtworzenie ci\u0105g\u0142o\u015bci to kolejne operacje a zatem i ryzyko. Nikt nie da mi pewno\u015bci, \u017ce po zespoleniu zn\u00f3w nie b\u0119d\u0119 musia\u0142a biega\u0107 w nocy do toalety. Ale nie w tym rzecz. Nie chc\u0119 zn\u00f3w planowa\u0107 ca\u0142ego \u017cycia uwzgl\u0119dniaj\u0105c rozmieszczenie toalet publicznych. I pomimo to, \u017ce w moim samochodzie nadal je\u017adzi pampers nie ma mowy o tym bym zn\u00f3w musia\u0142a z niego korzysta\u0107. Gdy <strong>komfort <\/strong>\u017cycia wzrasta o kilka leveli nie my\u015bli si\u0119 o \u015bwietnym wygl\u0105dzie bez worka. M\u00f3j Flak na wierzchu jest moj\u0105 pere\u0142k\u0105 i <strong>szans\u0105 <\/strong>na prawdziwe, dobre \u017cycie.<\/p>\n\n\n\n<p>Nie wszyscy potrafi\u0105 to zrozumie\u0107. Ale nikt z moich znajomych nie prze\u017cy\u0142 tego co ja. Kiedy maj\u0105 jelit\u00f3wki i inne \u017co\u0142\u0105dkowe rewolucje nawet nie potrafi\u0119 im wsp\u00f3\u0142czu\u0107, przecie\u017c ja tak \u017cy\u0142am przez kilka ostatnich lat. <\/p>\n\n\n\n<p>Wi\u0119kszo\u015b\u0107\nos\u00f3b z pracy o tym wiedzia\u0142o. Dlatego ich zaskoczenie, \u017ce mam worek nie by\u0142o\ntak ogromne. Jednak oczywi\u015bcie znajdowa\u0142y si\u0119 jednostki, kt\u00f3re nie wiedzia\u0142y co\njest grane.<\/p>\n\n\n\n<p>Jedn\u0105 z\ntakich os\u00f3b by\u0142a B. Do\u0142\u0105czy\u0142a do zespo\u0142u kiedy mnie ju\u017c nie by\u0142o i zaczyna\u0142am\nnowe \u017cycie. <\/p>\n\n\n\n<p>Kiedy wr\u00f3ci\u0142am do domu po zabiegu szybko zam\u00f3wi\u0142am sobie <strong>pokrowce <\/strong>na worki. Pozwalaj\u0105 mi one nosi\u0107 ubrania, kt\u00f3re ju\u017c wcze\u015bniej mia\u0142am w swojej szafie. Nie widz\u0119 powodu by <strong>rezygnowa\u0107 <\/strong>np. z ulubionej podkoszulki. Pokrowiec wystaje, ale ma sw\u00f3j wzorek i traktuj\u0119 go jak ozdob\u0119. Kondomek taki z boku wygl\u0105da jak saszetka. Jednego dnia B zapyta\u0142a w\u0142a\u015bnie co to za saszetka w minionki. Zawsze pytam czy mam odpowiedzie\u0107 grzecznie czy szczerze. Mia\u0142o by\u0107 szczerze. To worek, przeno\u015bny kibel, mam stomie. Tradycyjnie: oj przepraszam, nie wiedzia\u0142am. Spoko, przecie\u017c sk\u0105d mia\u0142a wiedzie\u0107.<\/p>\n\n\n\n<p>Kilka miesi\u0119cy p\u00f3\u017aniej moja \u201etorebka\u201d zn\u00f3w wzbudzi\u0142a zainteresowanie. Wychodzi\u0142am z pracy i kilka os\u00f3b pali\u0142o papierosy. Podesz\u0142am do nich \u017ceby porozmawia\u0107. \u0141 z lekko szyderczym <strong>u\u015bmiechem <\/strong>zapyta\u0142 gdzie kupuje si\u0119 takie torebeczki. Grzecznie odpowiedzia\u0142am, \u017ce nie jest to torebka tylko pokrowiec na worek stomijny. Hmmm jak zwykle cisza. Konsternacja. Ludzie nie wiedz\u0105 co powiedzie\u0107. Doda\u0142am, \u017ce jak poda mi rozmiar swoich work\u00f3w te\u017c mog\u0119 mu taki pokrowiec za\u0142atwi\u0107 i posz\u0142am. <strong>Satysfakcja gwarantowana.<\/strong><\/p>\n\n\n\n<p>Gdy pierwszy raz zdecydowa\u0142am si\u0119 na p\u00f3j\u015bcie na basen w stroju dwucz\u0119\u015bciowym w\u0142a\u015bnie z pokrowcem na worku \u017ceby si\u0119 poopala\u0107 i pop\u0142ywa\u0107 widzia\u0142am <strong>spojrzenia <\/strong>ludzi. Nie przeszkadza\u0142o mi to. Mo\u017ce to m\u00f3j taki fetysz. Lubi\u0119 si\u0119 troch\u0119 obna\u017ca\u0107 w tym zakresie bo wiem, \u017ce dzi\u0119ki temu mimo wszystko ma\u0142ymi krokami <strong>buduj\u0119 \u015bwiadomo\u015b\u0107 <\/strong>spo\u0142ecze\u0144stwa. Pewnie z tego samego powodu opisuj\u0119 to wszystko zastanawiaj\u0105c si\u0119 czy to ma sens i czy chocia\u017c jedna osoba przeczyta to z prawdziwym zainteresowaniem.<br><\/p>\n\n\n\n<p><\/p>\n","protected":false},"excerpt":{"rendered":"<p>Kiedy wr\u00f3ci\u0142am do domu po zabiegu w domu by\u0142y dzieciaki &#8211;\u00a0 nie moje oczywi\u015bcie. Trzeba by\u0142o je uprzedzi\u0107, \u017ce nie powinny si\u0119 na mnie rzuca\u0107 ani we mnie rzuca\u0107 \u017cadnymi przedmiotami. Dla nich to te\u017c trudna sytuacja do przetrawienia. Siostrzenica dopytywa\u0142a dlaczego nie puszczam ju\u017c b\u0105k\u00f3w i nie robi\u0119 normalnie dw\u00f3jeczki \u2013 nie to \u017cebym [&hellip;]<\/p>\n","protected":false},"author":2,"featured_media":0,"comment_status":"open","ping_status":"open","sticky":false,"template":"","format":"standard","meta":{"footnotes":""},"categories":[5],"tags":[],"class_list":["post-215","post","type-post","status-publish","format-standard","hentry","category-pierwsze-razy"],"yoast_head":"<!-- This site is optimized with the Yoast SEO plugin v27.5 - https:\/\/yoast.com\/product\/yoast-seo-wordpress\/ -->\n<title>Pierwsze pytanie o moj\u0105 torebk\u0119 &#8902; Stomia z Weso\u0142\u0105<\/title>\n<meta name=\"robots\" content=\"index, follow, max-snippet:-1, max-image-preview:large, max-video-preview:-1\" \/>\n<link rel=\"canonical\" href=\"https:\/\/stomia.wesolek.care\/index.php\/2019\/04\/29\/pierwsze-pytanie-o-moja-torebke\/\" \/>\n<meta property=\"og:locale\" content=\"pl_PL\" \/>\n<meta property=\"og:type\" content=\"article\" \/>\n<meta property=\"og:title\" content=\"Pierwsze pytanie o moj\u0105 torebk\u0119 &#8902; Stomia z Weso\u0142\u0105\" \/>\n<meta property=\"og:description\" content=\"Kiedy wr\u00f3ci\u0142am do domu po zabiegu w domu by\u0142y dzieciaki &#8211;\u00a0 nie moje oczywi\u015bcie. Trzeba by\u0142o je uprzedzi\u0107, \u017ce nie powinny si\u0119 na mnie rzuca\u0107 ani we mnie rzuca\u0107 \u017cadnymi przedmiotami. Dla nich to te\u017c trudna sytuacja do przetrawienia. Siostrzenica dopytywa\u0142a dlaczego nie puszczam ju\u017c b\u0105k\u00f3w i nie robi\u0119 normalnie dw\u00f3jeczki \u2013 nie to \u017cebym [&hellip;]\" \/>\n<meta property=\"og:url\" content=\"https:\/\/stomia.wesolek.care\/index.php\/2019\/04\/29\/pierwsze-pytanie-o-moja-torebke\/\" \/>\n<meta property=\"og:site_name\" content=\"Stomia z Weso\u0142\u0105\" \/>\n<meta property=\"article:published_time\" content=\"2019-04-29T19:47:41+00:00\" \/>\n<meta name=\"author\" content=\"Paulina Weso\u0142ek\" \/>\n<meta name=\"twitter:card\" content=\"summary_large_image\" \/>\n<meta name=\"twitter:label1\" content=\"Napisane przez\" \/>\n\t<meta name=\"twitter:data1\" content=\"Paulina Weso\u0142ek\" \/>\n\t<meta name=\"twitter:label2\" content=\"Szacowany czas czytania\" \/>\n\t<meta name=\"twitter:data2\" content=\"3 minuty\" \/>\n<script type=\"application\/ld+json\" class=\"yoast-schema-graph\">{\"@context\":\"https:\\\/\\\/schema.org\",\"@graph\":[{\"@type\":\"Article\",\"@id\":\"https:\\\/\\\/stomia.wesolek.care\\\/index.php\\\/2019\\\/04\\\/29\\\/pierwsze-pytanie-o-moja-torebke\\\/#article\",\"isPartOf\":{\"@id\":\"https:\\\/\\\/stomia.wesolek.care\\\/index.php\\\/2019\\\/04\\\/29\\\/pierwsze-pytanie-o-moja-torebke\\\/\"},\"author\":{\"name\":\"Paulina Weso\u0142ek\",\"@id\":\"https:\\\/\\\/stomia.wesolek.care\\\/#\\\/schema\\\/person\\\/34e19ec6ee091938469f1fd3140cabd3\"},\"headline\":\"Pierwsze pytanie o moj\u0105 torebk\u0119\",\"datePublished\":\"2019-04-29T19:47:41+00:00\",\"mainEntityOfPage\":{\"@id\":\"https:\\\/\\\/stomia.wesolek.care\\\/index.php\\\/2019\\\/04\\\/29\\\/pierwsze-pytanie-o-moja-torebke\\\/\"},\"wordCount\":666,\"commentCount\":11,\"publisher\":{\"@id\":\"https:\\\/\\\/stomia.wesolek.care\\\/#\\\/schema\\\/person\\\/34e19ec6ee091938469f1fd3140cabd3\"},\"articleSection\":[\"Pierwsze razy\"],\"inLanguage\":\"pl-PL\",\"potentialAction\":[{\"@type\":\"CommentAction\",\"name\":\"Comment\",\"target\":[\"https:\\\/\\\/stomia.wesolek.care\\\/index.php\\\/2019\\\/04\\\/29\\\/pierwsze-pytanie-o-moja-torebke\\\/#respond\"]}]},{\"@type\":\"WebPage\",\"@id\":\"https:\\\/\\\/stomia.wesolek.care\\\/index.php\\\/2019\\\/04\\\/29\\\/pierwsze-pytanie-o-moja-torebke\\\/\",\"url\":\"https:\\\/\\\/stomia.wesolek.care\\\/index.php\\\/2019\\\/04\\\/29\\\/pierwsze-pytanie-o-moja-torebke\\\/\",\"name\":\"Pierwsze pytanie o moj\u0105 torebk\u0119 &#8902; Stomia z Weso\u0142\u0105\",\"isPartOf\":{\"@id\":\"https:\\\/\\\/stomia.wesolek.care\\\/#website\"},\"datePublished\":\"2019-04-29T19:47:41+00:00\",\"breadcrumb\":{\"@id\":\"https:\\\/\\\/stomia.wesolek.care\\\/index.php\\\/2019\\\/04\\\/29\\\/pierwsze-pytanie-o-moja-torebke\\\/#breadcrumb\"},\"inLanguage\":\"pl-PL\",\"potentialAction\":[{\"@type\":\"ReadAction\",\"target\":[\"https:\\\/\\\/stomia.wesolek.care\\\/index.php\\\/2019\\\/04\\\/29\\\/pierwsze-pytanie-o-moja-torebke\\\/\"]}]},{\"@type\":\"BreadcrumbList\",\"@id\":\"https:\\\/\\\/stomia.wesolek.care\\\/index.php\\\/2019\\\/04\\\/29\\\/pierwsze-pytanie-o-moja-torebke\\\/#breadcrumb\",\"itemListElement\":[{\"@type\":\"ListItem\",\"position\":1,\"name\":\"Strona g\u0142\u00f3wna\",\"item\":\"https:\\\/\\\/stomia.wesolek.care\\\/\"},{\"@type\":\"ListItem\",\"position\":2,\"name\":\"Pierwsze pytanie o moj\u0105 torebk\u0119\"}]},{\"@type\":\"WebSite\",\"@id\":\"https:\\\/\\\/stomia.wesolek.care\\\/#website\",\"url\":\"https:\\\/\\\/stomia.wesolek.care\\\/\",\"name\":\"Stomia z Weso\u0142\u0105\",\"description\":\"\",\"publisher\":{\"@id\":\"https:\\\/\\\/stomia.wesolek.care\\\/#\\\/schema\\\/person\\\/34e19ec6ee091938469f1fd3140cabd3\"},\"potentialAction\":[{\"@type\":\"SearchAction\",\"target\":{\"@type\":\"EntryPoint\",\"urlTemplate\":\"https:\\\/\\\/stomia.wesolek.care\\\/?s={search_term_string}\"},\"query-input\":{\"@type\":\"PropertyValueSpecification\",\"valueRequired\":true,\"valueName\":\"search_term_string\"}}],\"inLanguage\":\"pl-PL\"},{\"@type\":[\"Person\",\"Organization\"],\"@id\":\"https:\\\/\\\/stomia.wesolek.care\\\/#\\\/schema\\\/person\\\/34e19ec6ee091938469f1fd3140cabd3\",\"name\":\"Paulina Weso\u0142ek\",\"image\":{\"@type\":\"ImageObject\",\"inLanguage\":\"pl-PL\",\"@id\":\"https:\\\/\\\/secure.gravatar.com\\\/avatar\\\/bc0eddd346adeae3f86a834d20fb4e13dcdf982a0ee0c3106daadce0feb09af4?s=96&d=mm&r=g\",\"url\":\"https:\\\/\\\/secure.gravatar.com\\\/avatar\\\/bc0eddd346adeae3f86a834d20fb4e13dcdf982a0ee0c3106daadce0feb09af4?s=96&d=mm&r=g\",\"contentUrl\":\"https:\\\/\\\/secure.gravatar.com\\\/avatar\\\/bc0eddd346adeae3f86a834d20fb4e13dcdf982a0ee0c3106daadce0feb09af4?s=96&d=mm&r=g\",\"caption\":\"Paulina Weso\u0142ek\"},\"logo\":{\"@id\":\"https:\\\/\\\/secure.gravatar.com\\\/avatar\\\/bc0eddd346adeae3f86a834d20fb4e13dcdf982a0ee0c3106daadce0feb09af4?s=96&d=mm&r=g\"}}]}<\/script>\n<!-- \/ Yoast SEO plugin. -->","yoast_head_json":{"title":"Pierwsze pytanie o moj\u0105 torebk\u0119 &#8902; Stomia z Weso\u0142\u0105","robots":{"index":"index","follow":"follow","max-snippet":"max-snippet:-1","max-image-preview":"max-image-preview:large","max-video-preview":"max-video-preview:-1"},"canonical":"https:\/\/stomia.wesolek.care\/index.php\/2019\/04\/29\/pierwsze-pytanie-o-moja-torebke\/","og_locale":"pl_PL","og_type":"article","og_title":"Pierwsze pytanie o moj\u0105 torebk\u0119 &#8902; Stomia z Weso\u0142\u0105","og_description":"Kiedy wr\u00f3ci\u0142am do domu po zabiegu w domu by\u0142y dzieciaki &#8211;\u00a0 nie moje oczywi\u015bcie. Trzeba by\u0142o je uprzedzi\u0107, \u017ce nie powinny si\u0119 na mnie rzuca\u0107 ani we mnie rzuca\u0107 \u017cadnymi przedmiotami. Dla nich to te\u017c trudna sytuacja do przetrawienia. Siostrzenica dopytywa\u0142a dlaczego nie puszczam ju\u017c b\u0105k\u00f3w i nie robi\u0119 normalnie dw\u00f3jeczki \u2013 nie to \u017cebym [&hellip;]","og_url":"https:\/\/stomia.wesolek.care\/index.php\/2019\/04\/29\/pierwsze-pytanie-o-moja-torebke\/","og_site_name":"Stomia z Weso\u0142\u0105","article_published_time":"2019-04-29T19:47:41+00:00","author":"Paulina Weso\u0142ek","twitter_card":"summary_large_image","twitter_misc":{"Napisane przez":"Paulina Weso\u0142ek","Szacowany czas czytania":"3 minuty"},"schema":{"@context":"https:\/\/schema.org","@graph":[{"@type":"Article","@id":"https:\/\/stomia.wesolek.care\/index.php\/2019\/04\/29\/pierwsze-pytanie-o-moja-torebke\/#article","isPartOf":{"@id":"https:\/\/stomia.wesolek.care\/index.php\/2019\/04\/29\/pierwsze-pytanie-o-moja-torebke\/"},"author":{"name":"Paulina Weso\u0142ek","@id":"https:\/\/stomia.wesolek.care\/#\/schema\/person\/34e19ec6ee091938469f1fd3140cabd3"},"headline":"Pierwsze pytanie o moj\u0105 torebk\u0119","datePublished":"2019-04-29T19:47:41+00:00","mainEntityOfPage":{"@id":"https:\/\/stomia.wesolek.care\/index.php\/2019\/04\/29\/pierwsze-pytanie-o-moja-torebke\/"},"wordCount":666,"commentCount":11,"publisher":{"@id":"https:\/\/stomia.wesolek.care\/#\/schema\/person\/34e19ec6ee091938469f1fd3140cabd3"},"articleSection":["Pierwsze razy"],"inLanguage":"pl-PL","potentialAction":[{"@type":"CommentAction","name":"Comment","target":["https:\/\/stomia.wesolek.care\/index.php\/2019\/04\/29\/pierwsze-pytanie-o-moja-torebke\/#respond"]}]},{"@type":"WebPage","@id":"https:\/\/stomia.wesolek.care\/index.php\/2019\/04\/29\/pierwsze-pytanie-o-moja-torebke\/","url":"https:\/\/stomia.wesolek.care\/index.php\/2019\/04\/29\/pierwsze-pytanie-o-moja-torebke\/","name":"Pierwsze pytanie o moj\u0105 torebk\u0119 &#8902; Stomia z Weso\u0142\u0105","isPartOf":{"@id":"https:\/\/stomia.wesolek.care\/#website"},"datePublished":"2019-04-29T19:47:41+00:00","breadcrumb":{"@id":"https:\/\/stomia.wesolek.care\/index.php\/2019\/04\/29\/pierwsze-pytanie-o-moja-torebke\/#breadcrumb"},"inLanguage":"pl-PL","potentialAction":[{"@type":"ReadAction","target":["https:\/\/stomia.wesolek.care\/index.php\/2019\/04\/29\/pierwsze-pytanie-o-moja-torebke\/"]}]},{"@type":"BreadcrumbList","@id":"https:\/\/stomia.wesolek.care\/index.php\/2019\/04\/29\/pierwsze-pytanie-o-moja-torebke\/#breadcrumb","itemListElement":[{"@type":"ListItem","position":1,"name":"Strona g\u0142\u00f3wna","item":"https:\/\/stomia.wesolek.care\/"},{"@type":"ListItem","position":2,"name":"Pierwsze pytanie o moj\u0105 torebk\u0119"}]},{"@type":"WebSite","@id":"https:\/\/stomia.wesolek.care\/#website","url":"https:\/\/stomia.wesolek.care\/","name":"Stomia z Weso\u0142\u0105","description":"","publisher":{"@id":"https:\/\/stomia.wesolek.care\/#\/schema\/person\/34e19ec6ee091938469f1fd3140cabd3"},"potentialAction":[{"@type":"SearchAction","target":{"@type":"EntryPoint","urlTemplate":"https:\/\/stomia.wesolek.care\/?s={search_term_string}"},"query-input":{"@type":"PropertyValueSpecification","valueRequired":true,"valueName":"search_term_string"}}],"inLanguage":"pl-PL"},{"@type":["Person","Organization"],"@id":"https:\/\/stomia.wesolek.care\/#\/schema\/person\/34e19ec6ee091938469f1fd3140cabd3","name":"Paulina Weso\u0142ek","image":{"@type":"ImageObject","inLanguage":"pl-PL","@id":"https:\/\/secure.gravatar.com\/avatar\/bc0eddd346adeae3f86a834d20fb4e13dcdf982a0ee0c3106daadce0feb09af4?s=96&d=mm&r=g","url":"https:\/\/secure.gravatar.com\/avatar\/bc0eddd346adeae3f86a834d20fb4e13dcdf982a0ee0c3106daadce0feb09af4?s=96&d=mm&r=g","contentUrl":"https:\/\/secure.gravatar.com\/avatar\/bc0eddd346adeae3f86a834d20fb4e13dcdf982a0ee0c3106daadce0feb09af4?s=96&d=mm&r=g","caption":"Paulina Weso\u0142ek"},"logo":{"@id":"https:\/\/secure.gravatar.com\/avatar\/bc0eddd346adeae3f86a834d20fb4e13dcdf982a0ee0c3106daadce0feb09af4?s=96&d=mm&r=g"}}]}},"_links":{"self":[{"href":"https:\/\/stomia.wesolek.care\/index.php\/wp-json\/wp\/v2\/posts\/215","targetHints":{"allow":["GET"]}}],"collection":[{"href":"https:\/\/stomia.wesolek.care\/index.php\/wp-json\/wp\/v2\/posts"}],"about":[{"href":"https:\/\/stomia.wesolek.care\/index.php\/wp-json\/wp\/v2\/types\/post"}],"author":[{"embeddable":true,"href":"https:\/\/stomia.wesolek.care\/index.php\/wp-json\/wp\/v2\/users\/2"}],"replies":[{"embeddable":true,"href":"https:\/\/stomia.wesolek.care\/index.php\/wp-json\/wp\/v2\/comments?post=215"}],"version-history":[{"count":1,"href":"https:\/\/stomia.wesolek.care\/index.php\/wp-json\/wp\/v2\/posts\/215\/revisions"}],"predecessor-version":[{"id":216,"href":"https:\/\/stomia.wesolek.care\/index.php\/wp-json\/wp\/v2\/posts\/215\/revisions\/216"}],"wp:attachment":[{"href":"https:\/\/stomia.wesolek.care\/index.php\/wp-json\/wp\/v2\/media?parent=215"}],"wp:term":[{"taxonomy":"category","embeddable":true,"href":"https:\/\/stomia.wesolek.care\/index.php\/wp-json\/wp\/v2\/categories?post=215"},{"taxonomy":"post_tag","embeddable":true,"href":"https:\/\/stomia.wesolek.care\/index.php\/wp-json\/wp\/v2\/tags?post=215"}],"curies":[{"name":"wp","href":"https:\/\/api.w.org\/{rel}","templated":true}]}}