{"id":255,"date":"2019-06-27T21:56:42","date_gmt":"2019-06-27T19:56:42","guid":{"rendered":"http:\/\/stomiazwesola.pl\/?p=255"},"modified":"2019-09-04T19:38:32","modified_gmt":"2019-09-04T17:38:32","slug":"pierwsza-noc-w-domu","status":"publish","type":"post","link":"https:\/\/stomia.wesolek.care\/index.php\/2019\/06\/27\/pierwsza-noc-w-domu\/","title":{"rendered":"Pierwsza noc w domu"},"content":{"rendered":"\n<p>Na obchodzie ordynator powiedzia\u0142 mi, \u017ce chyba czas i\u015b\u0107 do domu bo zbyt d\u0142ugie siedzenie w szpitalu mo\u017ce dzia\u0142a\u0107 depresyjnie, a nie ma ju\u017c potrzeby bym w nim by\u0142a. Nie jest to super hotel i w 100% zgodzi\u0142am si\u0119 z tym stwierdzeniem, tym bardziej, \u017ce zaczyna\u0142o by\u0107 mi \u017ale w tamtym miejscu.<\/p>\n\n\n\n<p><strong>Cieszy\u0142am si\u0119, ale te\u017c ba\u0142am\u2026 <\/strong><\/p>\n\n\n\n<p>Na szcz\u0119\u015bcie podr\u00f3\u017c i wej\u015bcie po schodach posz\u0142y ca\u0142kiem g\u0142adko. Jedzenie, prysznic i do \u0142\u00f3\u017cka.<\/p>\n\n\n\n<p>Moja siostrzenica by\u0142a zadowolona jak mnie zobaczy\u0142a. <\/p>\n\n\n\n<p>Mia\u0142am za\u0142o\u017cony opatrunek, kt\u00f3rego chcia\u0142am si\u0119 pozby\u0107, ale by\u0142am si\u0119, \u017ce J. jest na to zbyt wra\u017cliwa. Ale da\u0142a rad\u0119. Nie by\u0142o to nic strasznego. Spojrza\u0142a i zacz\u0119\u0142a gada\u0107 dalej. Chcia\u0142a ze mn\u0105 siedzie\u0107. Opowiada\u0142a r\u00f3\u017cne historie. Widzia\u0142am, \u017ce po prostu si\u0119 st\u0119skni\u0142a. Nie ukrywam, \u017ce mimo, i\u017c by\u0142am zm\u0119czona by\u0142o to dla mnie bardzo mi\u0142e.<\/p>\n\n\n\n<p>Nadszed\u0142 wiecz\u00f3r. Wypi\u0142am profilaktycznie leki przeciwb\u00f3lowe i jako pierwsza po\u0142o\u017cy\u0142am si\u0119 spa\u0107. S\u0142ysza\u0142am jak po kolei domownicy r\u00f3wnie\u017c si\u0119 k\u0142adli. <strong>Zrobi\u0142o si\u0119 bardzo cicho<\/strong>. Wszyscy usn\u0119li. Wszyscy poza mn\u0105. <strong>Ba\u0142am si\u0119<\/strong>. <strong>Ba\u0142am si\u0119<\/strong> zasn\u0105\u0107. <strong>Ba\u0142am si\u0119<\/strong>, \u017ce obudz\u0119 si\u0119 i nie b\u0119d\u0119 mog\u0142a si\u0119 ruszy\u0107. <strong>Ba\u0142am si\u0119<\/strong>, \u017ce si\u0119 nie obudz\u0119. <strong>Ba\u0142am si\u0119 <\/strong>bo wiedzia\u0142am, \u017ce nie ma przy mnie personelu medycznego.<\/p>\n\n\n\n<p>Mia\u0142am naszykowane picie wi\u0119c mog\u0142am gasi\u0107 pragnienie. Stres i nerwy powodowa\u0142y, \u017ce cz\u0119sto chodzi\u0142am do toalety. Oko\u0142o godziny 2 zn\u00f3w posz\u0142am za potrzeb\u0105 i spojrza\u0142am w lustro. By\u0142am bez okular\u00f3w. Widzia\u0142am wielkie <strong>oczy<\/strong>, <strong>spuchni\u0119t\u0105 twarz,<\/strong> kawa\u0142ek <strong>ogolonej g\u0142owy<\/strong>, <strong>ran\u0119<\/strong>. Wszystko by\u0142o takie nie wyra\u017ane. Wszystko by\u0142o takie okropne i przera\u017caj\u0105ce. Wr\u00f3ci\u0142am do \u0142\u00f3\u017cka. Serce wali\u0142o mi jak oszala\u0142e. Mia\u0142am wra\u017cenie, \u017ce przed chwil\u0105 w lustrze <strong>to nie by\u0142am ja.<\/strong> To by\u0142 jaki\u015b potw\u00f3r. Musia\u0142am si\u0119 uspokoi\u0107. Modli\u0142am si\u0119.<\/p>\n\n\n\n<p>Zasn\u0119\u0142am oko\u0142o godziny 4.<\/p>\n\n\n\n<p>Opowiedzia\u0142am o tym Mamie i Siostrze. <\/p>\n\n\n\n<p>My\u015bla\u0142am, \u017ce kolejnej nocy chyba nie prze\u015bpi\u0119 sama. Ale da\u0142am\nrad\u0119. Nie by\u0142o ju\u017c takich niespodzianek w mojej g\u0142owie. By\u0142 za to pies, kt\u00f3ry\nle\u017ca\u0142 w moich nogach.<\/p>\n","protected":false},"excerpt":{"rendered":"<p>Na obchodzie ordynator powiedzia\u0142 mi, \u017ce chyba czas i\u015b\u0107 do domu bo zbyt d\u0142ugie siedzenie w szpitalu mo\u017ce dzia\u0142a\u0107 depresyjnie, a nie ma ju\u017c potrzeby bym w nim by\u0142a. Nie jest to super hotel i w 100% zgodzi\u0142am si\u0119 z tym stwierdzeniem, tym bardziej, \u017ce zaczyna\u0142o by\u0107 mi \u017ale w tamtym miejscu. Cieszy\u0142am si\u0119, ale [&hellip;]<\/p>\n","protected":false},"author":2,"featured_media":0,"comment_status":"open","ping_status":"open","sticky":false,"template":"","format":"standard","meta":{"footnotes":""},"categories":[5],"tags":[],"class_list":["post-255","post","type-post","status-publish","format-standard","hentry","category-pierwsze-razy"],"yoast_head":"<!-- This site is optimized with the Yoast SEO plugin v27.5 - https:\/\/yoast.com\/product\/yoast-seo-wordpress\/ -->\n<title>Pierwsza noc w domu &#8902; Stomia z Weso\u0142\u0105<\/title>\n<meta name=\"robots\" content=\"index, follow, max-snippet:-1, max-image-preview:large, max-video-preview:-1\" \/>\n<link rel=\"canonical\" href=\"https:\/\/stomia.wesolek.care\/index.php\/2019\/06\/27\/pierwsza-noc-w-domu\/\" \/>\n<meta property=\"og:locale\" content=\"pl_PL\" \/>\n<meta property=\"og:type\" content=\"article\" \/>\n<meta property=\"og:title\" content=\"Pierwsza noc w domu &#8902; Stomia z Weso\u0142\u0105\" \/>\n<meta property=\"og:description\" content=\"Na obchodzie ordynator powiedzia\u0142 mi, \u017ce chyba czas i\u015b\u0107 do domu bo zbyt d\u0142ugie siedzenie w szpitalu mo\u017ce dzia\u0142a\u0107 depresyjnie, a nie ma ju\u017c potrzeby bym w nim by\u0142a. Nie jest to super hotel i w 100% zgodzi\u0142am si\u0119 z tym stwierdzeniem, tym bardziej, \u017ce zaczyna\u0142o by\u0107 mi \u017ale w tamtym miejscu. Cieszy\u0142am si\u0119, ale [&hellip;]\" \/>\n<meta property=\"og:url\" content=\"https:\/\/stomia.wesolek.care\/index.php\/2019\/06\/27\/pierwsza-noc-w-domu\/\" \/>\n<meta property=\"og:site_name\" content=\"Stomia z Weso\u0142\u0105\" \/>\n<meta property=\"article:published_time\" content=\"2019-06-27T19:56:42+00:00\" \/>\n<meta property=\"article:modified_time\" content=\"2019-09-04T17:38:32+00:00\" \/>\n<meta name=\"author\" content=\"Paulina Weso\u0142ek\" \/>\n<meta name=\"twitter:card\" content=\"summary_large_image\" \/>\n<meta name=\"twitter:label1\" content=\"Napisane przez\" \/>\n\t<meta name=\"twitter:data1\" content=\"Paulina Weso\u0142ek\" \/>\n\t<meta name=\"twitter:label2\" content=\"Szacowany czas czytania\" \/>\n\t<meta name=\"twitter:data2\" content=\"2 minuty\" \/>\n<script type=\"application\/ld+json\" class=\"yoast-schema-graph\">{\"@context\":\"https:\\\/\\\/schema.org\",\"@graph\":[{\"@type\":\"Article\",\"@id\":\"https:\\\/\\\/stomia.wesolek.care\\\/index.php\\\/2019\\\/06\\\/27\\\/pierwsza-noc-w-domu\\\/#article\",\"isPartOf\":{\"@id\":\"https:\\\/\\\/stomia.wesolek.care\\\/index.php\\\/2019\\\/06\\\/27\\\/pierwsza-noc-w-domu\\\/\"},\"author\":{\"name\":\"Paulina Weso\u0142ek\",\"@id\":\"https:\\\/\\\/stomia.wesolek.care\\\/#\\\/schema\\\/person\\\/34e19ec6ee091938469f1fd3140cabd3\"},\"headline\":\"Pierwsza noc w domu\",\"datePublished\":\"2019-06-27T19:56:42+00:00\",\"dateModified\":\"2019-09-04T17:38:32+00:00\",\"mainEntityOfPage\":{\"@id\":\"https:\\\/\\\/stomia.wesolek.care\\\/index.php\\\/2019\\\/06\\\/27\\\/pierwsza-noc-w-domu\\\/\"},\"wordCount\":412,\"commentCount\":0,\"publisher\":{\"@id\":\"https:\\\/\\\/stomia.wesolek.care\\\/#\\\/schema\\\/person\\\/34e19ec6ee091938469f1fd3140cabd3\"},\"articleSection\":[\"Pierwsze razy\"],\"inLanguage\":\"pl-PL\",\"potentialAction\":[{\"@type\":\"CommentAction\",\"name\":\"Comment\",\"target\":[\"https:\\\/\\\/stomia.wesolek.care\\\/index.php\\\/2019\\\/06\\\/27\\\/pierwsza-noc-w-domu\\\/#respond\"]}]},{\"@type\":\"WebPage\",\"@id\":\"https:\\\/\\\/stomia.wesolek.care\\\/index.php\\\/2019\\\/06\\\/27\\\/pierwsza-noc-w-domu\\\/\",\"url\":\"https:\\\/\\\/stomia.wesolek.care\\\/index.php\\\/2019\\\/06\\\/27\\\/pierwsza-noc-w-domu\\\/\",\"name\":\"Pierwsza noc w domu &#8902; Stomia z Weso\u0142\u0105\",\"isPartOf\":{\"@id\":\"https:\\\/\\\/stomia.wesolek.care\\\/#website\"},\"datePublished\":\"2019-06-27T19:56:42+00:00\",\"dateModified\":\"2019-09-04T17:38:32+00:00\",\"breadcrumb\":{\"@id\":\"https:\\\/\\\/stomia.wesolek.care\\\/index.php\\\/2019\\\/06\\\/27\\\/pierwsza-noc-w-domu\\\/#breadcrumb\"},\"inLanguage\":\"pl-PL\",\"potentialAction\":[{\"@type\":\"ReadAction\",\"target\":[\"https:\\\/\\\/stomia.wesolek.care\\\/index.php\\\/2019\\\/06\\\/27\\\/pierwsza-noc-w-domu\\\/\"]}]},{\"@type\":\"BreadcrumbList\",\"@id\":\"https:\\\/\\\/stomia.wesolek.care\\\/index.php\\\/2019\\\/06\\\/27\\\/pierwsza-noc-w-domu\\\/#breadcrumb\",\"itemListElement\":[{\"@type\":\"ListItem\",\"position\":1,\"name\":\"Strona g\u0142\u00f3wna\",\"item\":\"https:\\\/\\\/stomia.wesolek.care\\\/\"},{\"@type\":\"ListItem\",\"position\":2,\"name\":\"Pierwsza noc w domu\"}]},{\"@type\":\"WebSite\",\"@id\":\"https:\\\/\\\/stomia.wesolek.care\\\/#website\",\"url\":\"https:\\\/\\\/stomia.wesolek.care\\\/\",\"name\":\"Stomia z Weso\u0142\u0105\",\"description\":\"\",\"publisher\":{\"@id\":\"https:\\\/\\\/stomia.wesolek.care\\\/#\\\/schema\\\/person\\\/34e19ec6ee091938469f1fd3140cabd3\"},\"potentialAction\":[{\"@type\":\"SearchAction\",\"target\":{\"@type\":\"EntryPoint\",\"urlTemplate\":\"https:\\\/\\\/stomia.wesolek.care\\\/?s={search_term_string}\"},\"query-input\":{\"@type\":\"PropertyValueSpecification\",\"valueRequired\":true,\"valueName\":\"search_term_string\"}}],\"inLanguage\":\"pl-PL\"},{\"@type\":[\"Person\",\"Organization\"],\"@id\":\"https:\\\/\\\/stomia.wesolek.care\\\/#\\\/schema\\\/person\\\/34e19ec6ee091938469f1fd3140cabd3\",\"name\":\"Paulina Weso\u0142ek\",\"image\":{\"@type\":\"ImageObject\",\"inLanguage\":\"pl-PL\",\"@id\":\"https:\\\/\\\/secure.gravatar.com\\\/avatar\\\/bc0eddd346adeae3f86a834d20fb4e13dcdf982a0ee0c3106daadce0feb09af4?s=96&d=mm&r=g\",\"url\":\"https:\\\/\\\/secure.gravatar.com\\\/avatar\\\/bc0eddd346adeae3f86a834d20fb4e13dcdf982a0ee0c3106daadce0feb09af4?s=96&d=mm&r=g\",\"contentUrl\":\"https:\\\/\\\/secure.gravatar.com\\\/avatar\\\/bc0eddd346adeae3f86a834d20fb4e13dcdf982a0ee0c3106daadce0feb09af4?s=96&d=mm&r=g\",\"caption\":\"Paulina Weso\u0142ek\"},\"logo\":{\"@id\":\"https:\\\/\\\/secure.gravatar.com\\\/avatar\\\/bc0eddd346adeae3f86a834d20fb4e13dcdf982a0ee0c3106daadce0feb09af4?s=96&d=mm&r=g\"}}]}<\/script>\n<!-- \/ Yoast SEO plugin. -->","yoast_head_json":{"title":"Pierwsza noc w domu &#8902; Stomia z Weso\u0142\u0105","robots":{"index":"index","follow":"follow","max-snippet":"max-snippet:-1","max-image-preview":"max-image-preview:large","max-video-preview":"max-video-preview:-1"},"canonical":"https:\/\/stomia.wesolek.care\/index.php\/2019\/06\/27\/pierwsza-noc-w-domu\/","og_locale":"pl_PL","og_type":"article","og_title":"Pierwsza noc w domu &#8902; Stomia z Weso\u0142\u0105","og_description":"Na obchodzie ordynator powiedzia\u0142 mi, \u017ce chyba czas i\u015b\u0107 do domu bo zbyt d\u0142ugie siedzenie w szpitalu mo\u017ce dzia\u0142a\u0107 depresyjnie, a nie ma ju\u017c potrzeby bym w nim by\u0142a. Nie jest to super hotel i w 100% zgodzi\u0142am si\u0119 z tym stwierdzeniem, tym bardziej, \u017ce zaczyna\u0142o by\u0107 mi \u017ale w tamtym miejscu. Cieszy\u0142am si\u0119, ale [&hellip;]","og_url":"https:\/\/stomia.wesolek.care\/index.php\/2019\/06\/27\/pierwsza-noc-w-domu\/","og_site_name":"Stomia z Weso\u0142\u0105","article_published_time":"2019-06-27T19:56:42+00:00","article_modified_time":"2019-09-04T17:38:32+00:00","author":"Paulina Weso\u0142ek","twitter_card":"summary_large_image","twitter_misc":{"Napisane przez":"Paulina Weso\u0142ek","Szacowany czas czytania":"2 minuty"},"schema":{"@context":"https:\/\/schema.org","@graph":[{"@type":"Article","@id":"https:\/\/stomia.wesolek.care\/index.php\/2019\/06\/27\/pierwsza-noc-w-domu\/#article","isPartOf":{"@id":"https:\/\/stomia.wesolek.care\/index.php\/2019\/06\/27\/pierwsza-noc-w-domu\/"},"author":{"name":"Paulina Weso\u0142ek","@id":"https:\/\/stomia.wesolek.care\/#\/schema\/person\/34e19ec6ee091938469f1fd3140cabd3"},"headline":"Pierwsza noc w domu","datePublished":"2019-06-27T19:56:42+00:00","dateModified":"2019-09-04T17:38:32+00:00","mainEntityOfPage":{"@id":"https:\/\/stomia.wesolek.care\/index.php\/2019\/06\/27\/pierwsza-noc-w-domu\/"},"wordCount":412,"commentCount":0,"publisher":{"@id":"https:\/\/stomia.wesolek.care\/#\/schema\/person\/34e19ec6ee091938469f1fd3140cabd3"},"articleSection":["Pierwsze razy"],"inLanguage":"pl-PL","potentialAction":[{"@type":"CommentAction","name":"Comment","target":["https:\/\/stomia.wesolek.care\/index.php\/2019\/06\/27\/pierwsza-noc-w-domu\/#respond"]}]},{"@type":"WebPage","@id":"https:\/\/stomia.wesolek.care\/index.php\/2019\/06\/27\/pierwsza-noc-w-domu\/","url":"https:\/\/stomia.wesolek.care\/index.php\/2019\/06\/27\/pierwsza-noc-w-domu\/","name":"Pierwsza noc w domu &#8902; Stomia z Weso\u0142\u0105","isPartOf":{"@id":"https:\/\/stomia.wesolek.care\/#website"},"datePublished":"2019-06-27T19:56:42+00:00","dateModified":"2019-09-04T17:38:32+00:00","breadcrumb":{"@id":"https:\/\/stomia.wesolek.care\/index.php\/2019\/06\/27\/pierwsza-noc-w-domu\/#breadcrumb"},"inLanguage":"pl-PL","potentialAction":[{"@type":"ReadAction","target":["https:\/\/stomia.wesolek.care\/index.php\/2019\/06\/27\/pierwsza-noc-w-domu\/"]}]},{"@type":"BreadcrumbList","@id":"https:\/\/stomia.wesolek.care\/index.php\/2019\/06\/27\/pierwsza-noc-w-domu\/#breadcrumb","itemListElement":[{"@type":"ListItem","position":1,"name":"Strona g\u0142\u00f3wna","item":"https:\/\/stomia.wesolek.care\/"},{"@type":"ListItem","position":2,"name":"Pierwsza noc w domu"}]},{"@type":"WebSite","@id":"https:\/\/stomia.wesolek.care\/#website","url":"https:\/\/stomia.wesolek.care\/","name":"Stomia z Weso\u0142\u0105","description":"","publisher":{"@id":"https:\/\/stomia.wesolek.care\/#\/schema\/person\/34e19ec6ee091938469f1fd3140cabd3"},"potentialAction":[{"@type":"SearchAction","target":{"@type":"EntryPoint","urlTemplate":"https:\/\/stomia.wesolek.care\/?s={search_term_string}"},"query-input":{"@type":"PropertyValueSpecification","valueRequired":true,"valueName":"search_term_string"}}],"inLanguage":"pl-PL"},{"@type":["Person","Organization"],"@id":"https:\/\/stomia.wesolek.care\/#\/schema\/person\/34e19ec6ee091938469f1fd3140cabd3","name":"Paulina Weso\u0142ek","image":{"@type":"ImageObject","inLanguage":"pl-PL","@id":"https:\/\/secure.gravatar.com\/avatar\/bc0eddd346adeae3f86a834d20fb4e13dcdf982a0ee0c3106daadce0feb09af4?s=96&d=mm&r=g","url":"https:\/\/secure.gravatar.com\/avatar\/bc0eddd346adeae3f86a834d20fb4e13dcdf982a0ee0c3106daadce0feb09af4?s=96&d=mm&r=g","contentUrl":"https:\/\/secure.gravatar.com\/avatar\/bc0eddd346adeae3f86a834d20fb4e13dcdf982a0ee0c3106daadce0feb09af4?s=96&d=mm&r=g","caption":"Paulina Weso\u0142ek"},"logo":{"@id":"https:\/\/secure.gravatar.com\/avatar\/bc0eddd346adeae3f86a834d20fb4e13dcdf982a0ee0c3106daadce0feb09af4?s=96&d=mm&r=g"}}]}},"_links":{"self":[{"href":"https:\/\/stomia.wesolek.care\/index.php\/wp-json\/wp\/v2\/posts\/255","targetHints":{"allow":["GET"]}}],"collection":[{"href":"https:\/\/stomia.wesolek.care\/index.php\/wp-json\/wp\/v2\/posts"}],"about":[{"href":"https:\/\/stomia.wesolek.care\/index.php\/wp-json\/wp\/v2\/types\/post"}],"author":[{"embeddable":true,"href":"https:\/\/stomia.wesolek.care\/index.php\/wp-json\/wp\/v2\/users\/2"}],"replies":[{"embeddable":true,"href":"https:\/\/stomia.wesolek.care\/index.php\/wp-json\/wp\/v2\/comments?post=255"}],"version-history":[{"count":1,"href":"https:\/\/stomia.wesolek.care\/index.php\/wp-json\/wp\/v2\/posts\/255\/revisions"}],"predecessor-version":[{"id":256,"href":"https:\/\/stomia.wesolek.care\/index.php\/wp-json\/wp\/v2\/posts\/255\/revisions\/256"}],"wp:attachment":[{"href":"https:\/\/stomia.wesolek.care\/index.php\/wp-json\/wp\/v2\/media?parent=255"}],"wp:term":[{"taxonomy":"category","embeddable":true,"href":"https:\/\/stomia.wesolek.care\/index.php\/wp-json\/wp\/v2\/categories?post=255"},{"taxonomy":"post_tag","embeddable":true,"href":"https:\/\/stomia.wesolek.care\/index.php\/wp-json\/wp\/v2\/tags?post=255"}],"curies":[{"name":"wp","href":"https:\/\/api.w.org\/{rel}","templated":true}]}}